{"id":728,"date":"2024-11-21T14:12:14","date_gmt":"2024-11-21T13:12:14","guid":{"rendered":"https:\/\/www.psivojaci.cz\/?p=728"},"modified":"2024-11-21T14:14:53","modified_gmt":"2024-11-21T13:14:53","slug":"preco-je-pri-vybere-bicykla-dolezita-vyska-postavy","status":"publish","type":"post","link":"https:\/\/www.psivojaci.cz\/index.php\/2024\/11\/21\/preco-je-pri-vybere-bicykla-dolezita-vyska-postavy\/","title":{"rendered":"Pre\u010do je pri v\u00fdbere bicykla d\u00f4le\u017eit\u00e1 v\u00fd\u0161ka postavy"},"content":{"rendered":"<p>Cyklistika je viac ako len z\u00e1bava. Pre mnoh\u00fdch je to preferovan\u00fd sp\u00f4sob dopravy, n\u00e1ro\u010dn\u00e1 forma cvi\u010denia alebo dokonca s\u00fa\u0165a\u017en\u00fd \u0161port. V\u00fdber ide\u00e1lneho bicykla pre seba zah\u0155\u0148a r\u00f4zne faktory, ako je \u0161t\u00fdl, cena a zna\u010dka. Jedn\u00fdm z rozhoduj\u00facich aspektov, ktor\u00fd sa v\u0161ak \u010dasto dost\u00e1va na ved\u013eaj\u0161iu ko\u013eaj, je v\u00fd\u0161ka jazdca. Ve\u013ekos\u0165 bicykla by mala ide\u00e1lne zodpoveda\u0165 va\u0161ej fyzickej postave, aby ste dosiahli optim\u00e1lne pohodlie, ovl\u00e1danie a celkov\u00fd v\u00fdkon. V tomto \u010dl\u00e1nku sa chceme venova\u0165 pr\u00e1ve tomu, pre\u010do a ako va\u0161a v\u00fd\u0161ka zohr\u00e1va k\u013e\u00fa\u010dov\u00fa \u00falohu pri v\u00fdbere bicykla. Na\u010drtneme, ako m\u00f4\u017ee spr\u00e1vna ve\u013ekos\u0165 bicykla ovplyvni\u0165 va\u0161e z\u00e1\u017eitky z jazdy na bicykli, a pon\u00fakneme cenn\u00e9 tipy na v\u00fdber toho spr\u00e1vneho. \u010ci u\u017e ste nad\u0161enec cyklistiky alebo pr\u00edle\u017eitostn\u00fd jazdec, pochopenie d\u00f4le\u017eitosti <a href=\"https:\/\/kubicasport.eu\/clanok\/ako-vybrat-spravnu-velkost-panskeho-damskeho-a-detskeho-bicykla\">velkost bicykla podla vysky<\/a> pri v\u00fdbere bicykla m\u00f4\u017ee v\u00fdrazne zlep\u0161i\u0165 va\u0161u cestu na bicykli.<\/p>\n<h2><strong>Ur\u010denie ve\u013ekosti jazdy: v\u00fdznamn\u00e1 \u00faloha v\u00fd\u0161ky pri v\u00fdbere bicykla<\/strong><\/h2>\n<p>Pri v\u00fdbere bicykla je jedn\u00fdm z najd\u00f4le\u017eitej\u0161\u00edch faktorov ve\u013ekos\u0165 bicykla vzh\u013eadom na va\u0161u v\u00fd\u0161ku. Hoci sa to niekomu m\u00f4\u017ee zda\u0165 ako ban\u00e1lny detail, ur\u010denie ve\u013ekosti a prisp\u00f4sobenia je pre v\u00e1\u0161 z\u00e1\u017eitok z jazdy na bicykli a celkov\u00fd v\u00fdkon z\u00e1sadne d\u00f4le\u017eit\u00e9. Vz\u0165ah medzi ve\u013ekos\u0165ou bicykla a va\u0161ou v\u00fd\u0161kou zohr\u00e1va neuverite\u013ene v\u00fdznamn\u00fa \u00falohu pri zabezpe\u010dovan\u00ed optim\u00e1lneho pohodlia, ako aj bezpe\u010dnosti a efekt\u00edvnosti po\u010das va\u0161ich j\u00e1zd. Telesn\u00e9 proporcie ka\u017ed\u00e9ho jednotlivca sa l\u00ed\u0161ia &#8211; ale v\u00fd\u0161ka \u010dloveka vo v\u0161eobecnosti poskytuje cenn\u00e9 meradlo na ur\u010denie vhodnej ve\u013ekosti bicykla. Pr\u00edli\u0161 mal\u00fd bicykel m\u00f4\u017ee sp\u00f4sobi\u0165, \u017ee jazda bude nepohodln\u00e1 a neefekt\u00edvna, preto\u017ee cyklista bude ma\u0165 probl\u00e9m \u00faplne roztiahnu\u0165 nohy pri \u0161liapan\u00ed, \u010do bude ma\u0165 za n\u00e1sledok ne\u017eiaduce za\u0165a\u017eenie kolien. Okrem toho pr\u00edli\u0161 mal\u00fd r\u00e1m m\u00f4\u017ee jazdca posun\u00fa\u0165 pr\u00edli\u0161 dopredu, \u010do za\u0165a\u017euje z\u00e1p\u00e4stia a obmedzuje ovl\u00e1danie. Naopak, pr\u00edli\u0161 ve\u013ek\u00fd bicykel vzh\u013eadom na v\u00fd\u0161ku cyklistu sp\u00f4sob\u00ed nadmern\u00e9 vy\u0165ahovanie sa za riadidl\u00e1 a ped\u00e1le, \u010d\u00edm sa vytvor\u00ed nepohodln\u00fd postoj pri jazde na bicykli, ktor\u00fd m\u00f4\u017ee vies\u0165 k bolestiam chrbta a krku. V\u00e4\u010d\u0161\u00ed bicykel znamen\u00e1 aj \u0165a\u017e\u0161\u00ed bicykel, \u010do vedie k ni\u017e\u0161ej r\u00fdchlosti a zn\u00ed\u017eenej ovl\u00e1date\u013enosti, ktor\u00e1 m\u00f4\u017ee predstavova\u0165 bezpe\u010dnostn\u00e9 riziko, najm\u00e4 na frekventovan\u00fdch cest\u00e1ch alebo v n\u00e1ro\u010dnom ter\u00e9ne. Ka\u017ed\u00fd v\u00fdrobca bicyklov m\u00e1 svoju tabu\u013eku ve\u013ekost\u00ed, ktor\u00e1 zodpoved\u00e1 v\u00fd\u0161ke jazdca, zvy\u010dajne rozdelen\u00fa pod\u013ea ve\u013ekosti r\u00e1mu bicykla, \u010dasto meranej v palcoch, a rozsahu v\u00fd\u0161ky. Na z\u00e1klade t\u00fdchto tabuliek m\u00f4\u017eete urobi\u0165 kvalifikovan\u00e9 rozhodnutie o najvhodnej\u0161ej ve\u013ekosti bicykla pre v\u00e1s. Majte v\u0161ak na pam\u00e4ti, \u017ee ide len o orienta\u010dn\u00e9 \u00fadaje a najlep\u0161\u00edm sp\u00f4sobom, ako si zabezpe\u010di\u0165 spr\u00e1vnu ve\u013ekos\u0165, je vysk\u00fa\u0161a\u0165 si bicykel na vlastnej ko\u017ei. Pri zva\u017eovan\u00ed ve\u013ekosti kolies je d\u00f4le\u017eit\u00e1 aj v\u00fd\u0161ka. V\u00e4\u010d\u0161ie koles\u00e1 m\u00f4\u017eu by\u0165 vhodn\u00e9 pre vy\u0161\u0161\u00edch jazdcov, preto\u017ee klad\u00fa men\u0161\u00ed valiv\u00fd odpor a m\u00f4\u017eu by\u0165 efekt\u00edvnej\u0161ie v hlad\u0161om ter\u00e9ne, zatia\u013e \u010do men\u0161ie koles\u00e1 by mohli by\u0165 vhodnej\u0161ie pre ni\u017e\u0161\u00edch jazdcov v\u010faka ich r\u00fdchlej\u0161iemu zr\u00fdchleniu a \u013eah\u0161iemu man\u00e9vrovaniu. Na z\u00e1ver mo\u017eno kon\u0161tatova\u0165, \u017ee va\u0161a v\u00fd\u0161ka v\u00fdrazne ovplyv\u0148uje v\u00fdber bicykla, ktor\u00fd sl\u00fa\u017ei ako z\u00e1kladn\u00fd ur\u010duj\u00faci faktor pre va\u0161e celkov\u00e9 pohodlie, efektivitu jazdy na bicykli, bezpe\u010dnos\u0165 a dokonca aj prevenciu zranen\u00ed. Spr\u00e1vna ve\u013ekos\u0165 bicykla by v\u00e1m zaru\u010dila \u010do najlep\u0161ie dr\u017eanie tela, optim\u00e1lnu p\u00e1ku na ped\u00e1le a nekompromisn\u00fa ovl\u00e1date\u013enos\u0165 pri riaden\u00ed. Venujte \u010das zv\u00e1\u017eeniu tohto k\u013e\u00fa\u010dov\u00e9ho aspektu, preto\u017ee n\u00e1js\u0165 perfektne padn\u00faci bicykel znamen\u00e1 s\u013e\u00fabi\u0165 si pr\u00edjemn\u00fa a bezprobl\u00e9mov\u00fa jazdu.<\/p>\n<p>&nbsp;<\/p>\n","protected":false},"excerpt":{"rendered":"<p>Cyklistika je viac ako len z\u00e1bava. Pre mnoh\u00fdch je to preferovan\u00fd sp\u00f4sob dopravy, n\u00e1ro\u010dn\u00e1 forma cvi\u010denia alebo dokonca s\u00fa\u0165a\u017en\u00fd \u0161port. V\u00fdber ide\u00e1lneho bicykla pre seba zah\u0155\u0148a r\u00f4zne faktory, ako je \u0161t\u00fdl, cena a zna\u010dka. Jedn\u00fdm z rozhoduj\u00facich aspektov, ktor\u00fd sa v\u0161ak \u010dasto dost\u00e1va na ved\u013eaj\u0161iu ko\u013eaj, je v\u00fd\u0161ka jazdca. Ve\u013ekos\u0165 bicykla by mala ide\u00e1lne zodpoveda\u0165 [&hellip;]<\/p>\n","protected":false},"author":1,"featured_media":729,"comment_status":"closed","ping_status":"closed","sticky":false,"template":"","format":"standard","meta":{"footnotes":""},"categories":[1],"tags":[],"class_list":["post-728","post","type-post","status-publish","format-standard","has-post-thumbnail","hentry","category-nezaradene"],"aioseo_notices":[],"_links":{"self":[{"href":"https:\/\/www.psivojaci.cz\/index.php\/wp-json\/wp\/v2\/posts\/728","targetHints":{"allow":["GET"]}}],"collection":[{"href":"https:\/\/www.psivojaci.cz\/index.php\/wp-json\/wp\/v2\/posts"}],"about":[{"href":"https:\/\/www.psivojaci.cz\/index.php\/wp-json\/wp\/v2\/types\/post"}],"author":[{"embeddable":true,"href":"https:\/\/www.psivojaci.cz\/index.php\/wp-json\/wp\/v2\/users\/1"}],"replies":[{"embeddable":true,"href":"https:\/\/www.psivojaci.cz\/index.php\/wp-json\/wp\/v2\/comments?post=728"}],"version-history":[{"count":2,"href":"https:\/\/www.psivojaci.cz\/index.php\/wp-json\/wp\/v2\/posts\/728\/revisions"}],"predecessor-version":[{"id":733,"href":"https:\/\/www.psivojaci.cz\/index.php\/wp-json\/wp\/v2\/posts\/728\/revisions\/733"}],"wp:featuredmedia":[{"embeddable":true,"href":"https:\/\/www.psivojaci.cz\/index.php\/wp-json\/wp\/v2\/media\/729"}],"wp:attachment":[{"href":"https:\/\/www.psivojaci.cz\/index.php\/wp-json\/wp\/v2\/media?parent=728"}],"wp:term":[{"taxonomy":"category","embeddable":true,"href":"https:\/\/www.psivojaci.cz\/index.php\/wp-json\/wp\/v2\/categories?post=728"},{"taxonomy":"post_tag","embeddable":true,"href":"https:\/\/www.psivojaci.cz\/index.php\/wp-json\/wp\/v2\/tags?post=728"}],"curies":[{"name":"wp","href":"https:\/\/api.w.org\/{rel}","templated":true}]}}