{"id":515,"date":"2022-08-07T09:57:59","date_gmt":"2022-08-07T07:57:59","guid":{"rendered":"https:\/\/www.psivojaci.cz\/?p=515"},"modified":"2022-08-07T09:58:01","modified_gmt":"2022-08-07T07:58:01","slug":"zasklenie-terasy-umozni-jej-vyuzitie-pocas-celeho-roka","status":"publish","type":"post","link":"https:\/\/www.psivojaci.cz\/index.php\/2022\/08\/07\/zasklenie-terasy-umozni-jej-vyuzitie-pocas-celeho-roka\/","title":{"rendered":"Zasklenie terasy umo\u017en\u00ed jej vyu\u017eitie po\u010das cel\u00e9ho roka"},"content":{"rendered":"<p style=\"text-align: justify;\"><span style=\"font-weight: 400;\">Terasy alebo aj alt\u00e1nky si na na\u0161ich z\u00e1hrad\u00e1ch na\u0161li trval\u00e9 miesto. Po\u010das letn\u00fdch mesiacov s\u00fa viac ne\u017e \u017eiadan\u00e9. Poskytuj\u00fa tie\u0148 v hor\u00facich d\u0148och, vo popolud\u0148aj\u0161\u00edch alebo ve\u010dern\u00fdch hodin\u00e1ch zasa pr\u00edjemn\u00e9 posedenie s priate\u013emi alebo rodinou. Daj\u00fa sa vyu\u017ei\u0165 aj ako zv\u00e4\u010d\u0161enie obytn\u00e9ho priestoru, kedy na terase m\u00f4\u017eu by\u0165 serv\u00edrovan\u00e9 jednotliv\u00e9 druhy jed\u00e1l. Ale to v\u0161etko len po\u010das letnej sez\u00f3ny. Mo\u017enos\u0165ou ako pred\u013a\u017ei\u0165 vyu\u017eitie terasy aj po\u010das nepriazniv\u00e9ho po\u010dasia je zasklenie terasy. Pr\u00e1ve <a href=\"https:\/\/www.terasa-snov.sk\/zasklenie-terasy\/\">zasklenie terasy<\/a> roz\u0161\u00edri mo\u017enosti vyu\u017eitia letnej terasy alebo alt\u00e1nku. Budete ma\u0165 mo\u017enos\u0165 vyu\u017e\u00edva\u0165 ju aj pri zhor\u0161enom po\u010das\u00ed alebo po\u010das chladnej\u0161\u00edch dn\u00ed.<\/span><\/p>\n<h2 style=\"text-align: justify;\"><b>Sp\u00f4soby zasklenia terasy<\/b><\/h2>\n\n\n<div class=\"wp-block-image\"><figure class=\"alignright is-resized\"><img loading=\"lazy\" decoding=\"async\" src=\"https:\/\/www.psivojaci.cz\/wp-content\/uploads\/2022\/08\/jednoduche-zasklenie-terasy.jpg\" alt=\"Cenovo dostupn\u00e9 zasklenie terasy\" class=\"wp-image-517\" width=\"296\" height=\"222\" srcset=\"https:\/\/www.psivojaci.cz\/wp-content\/uploads\/2022\/08\/jednoduche-zasklenie-terasy.jpg 700w, https:\/\/www.psivojaci.cz\/wp-content\/uploads\/2022\/08\/jednoduche-zasklenie-terasy-300x225.jpg 300w\" sizes=\"auto, (max-width: 296px) 100vw, 296px\" \/><figcaption>Pri zasklen\u00ed terasy si dajte pozor na kvalitu pou\u017eit\u00fdch materi\u00e1lov<\/figcaption><\/figure><\/div>\n\n\n<p style=\"text-align: justify;\"><span style=\"font-weight: 400;\">Zasklenie terasy sa vykon\u00e1va nieko\u013ek\u00fdmi sp\u00f4sobmi. Na podlahu a horn\u00fa \u010das\u0165 terasy s\u00fa in\u0161talovan\u00e9 dr\u00e1\u017eky, ktor\u00e9 potom ved\u00fa sklenen\u00e9 panely. Sklenen\u00e9 panely m\u00f4\u017eu by\u0165 in\u0161talovan\u00e9 na r\u00e1movom alebo bezr\u00e1movom syst\u00e9me. Jedno aj druh\u00e9 rie\u0161enie v\u00fdborne tesn\u00ed, tak\u017ee terasa, ktor\u00e1 je s\u00fa\u010das\u0165ou domu, m\u00f4\u017ee by\u0165 tak\u00fdmto sp\u00f4sobom vyu\u017e\u00edvan\u00e1 celoro\u010dne. Po\u010das chladnej\u0161\u00edch mesiacov z nej m\u00f4\u017eete zriadi\u0165 zimn\u00fa z\u00e1hradu a po\u010das letn\u00fdch mesiacov ju jednoducho otvor\u00edte, pri\u010dom sklenen\u00e9 panely sa jednoducho zalo\u017eia na bok a v pr\u00edpade potreby sa znova zatiahnu. Bezr\u00e1mov\u00e9 rie\u0161enie pon\u00faka ni\u010d\u00edm neru\u0161en\u00fd v\u00fdh\u013ead na cel\u00fa z\u00e1hradu. Pri r\u00e1movom\u00a0 rie\u0161en\u00ed s\u00fa panely ulo\u017een\u00e9 v r\u00e1moch. Pri v\u00fdbere samotn\u00e9ho skla tie\u017e m\u00e1te nieko\u013eko mo\u017enost\u00ed. M\u00f4\u017eete vybra\u0165 jednoduch\u00e9 prieh\u013eadn\u00e9 skl\u00e1 ale aj dymov\u00e9, \u010di poloprieh\u013eadn\u00e9 skl\u00e1. Tak budete m\u00f4c\u0165 obdivova\u0165 kr\u00e1sne sa meniacu z\u00e1hradu po\u010das jednotliv\u00fdch ro\u010dn\u00fdch obdob\u00ed.<\/span><\/p>\n<h2 style=\"text-align: justify;\"><b>V\u00fdhody zasklenia terasy<\/b><\/h2>\n<p style=\"text-align: justify;\"><span style=\"font-weight: 400;\">Zasklenie terasy m\u00e1 nieko\u013eko v\u00fdhod. Patr\u00ed k nim minimaliz\u00e1cia tepeln\u00fdch str\u00e1t, ochrana terasy pred da\u017e\u010fom, vetrom, prachom a hlukom, \u010d\u00edm zjednodu\u0161\u00ed u\u017e\u00edvanie terasy. U\u017e\u00edvatelia nebud\u00fa musie\u0165 myslie\u0165 na odkladanie molitanov\u00fdch \u010dast\u00ed sedacej s\u00fapravy, \u010di pravideln\u00e9 um\u00fdvanie stola pred ka\u017ed\u00fdm pou\u017eit\u00edm. \u010eal\u0161\u00edmi v\u00fdhodami s\u00fa dlh\u00e1 \u017eivotnos\u0165, jednoduch\u00e9 ovl\u00e1danie, \u010di ochrana pred vandalmi a zlodejmi. Na presklen\u00fa \u010das\u0165 je mo\u017en\u00e9 in\u0161talova\u0165 z\u00e1clony, \u010d\u00edm terasa z\u00edska kr\u00e1sny \u0161t\u00fdl tepla domova. Tak\u00fdmto sp\u00f4sobom terasu ozvl\u00e1\u0161tnite, budete m\u00f4c\u0165 vyu\u017e\u00edva\u0165 dlhodobo, zv\u00fd\u0161ite celkov\u00fa hodnotu domu a dokonale prepoj\u00edte interi\u00e9r s exteri\u00e9rom. Viac inform\u00e1ci\u00ed o zasklen\u00ed terasy z\u00edskate na nasledujucej internetovej str\u00e1nke:<\/span> <span style=\"font-weight: 400;\">https:\/\/www.terasa-snov.sk\/<\/span><span style=\"font-weight: 400;\">.<\/span><span style=\"font-weight: 400;\"> S\u00fa\u010dasne m\u00f4\u017eete po\u017eiada\u0165 o vypracovanie cenovej ponuky pre t\u00fa va\u0161u terasu.<\/span><\/p>","protected":false},"excerpt":{"rendered":"<p>Terasy alebo aj alt\u00e1nky si na na\u0161ich z\u00e1hrad\u00e1ch na\u0161li trval\u00e9 miesto. Po\u010das letn\u00fdch mesiacov s\u00fa viac ne\u017e \u017eiadan\u00e9. Poskytuj\u00fa tie\u0148 v hor\u00facich d\u0148och, vo popolud\u0148aj\u0161\u00edch alebo ve\u010dern\u00fdch hodin\u00e1ch zasa pr\u00edjemn\u00e9 posedenie s priate\u013emi alebo rodinou. Daj\u00fa sa vyu\u017ei\u0165 aj ako zv\u00e4\u010d\u0161enie obytn\u00e9ho priestoru, kedy na terase m\u00f4\u017eu by\u0165 serv\u00edrovan\u00e9 jednotliv\u00e9 druhy jed\u00e1l. Ale to v\u0161etko [&hellip;]<\/p>\n","protected":false},"author":2,"featured_media":516,"comment_status":"closed","ping_status":"closed","sticky":false,"template":"","format":"standard","meta":{"footnotes":""},"categories":[11,13],"tags":[],"class_list":["post-515","post","type-post","status-publish","format-standard","has-post-thumbnail","hentry","category-domacnost","category-sluzby"],"aioseo_notices":[],"_links":{"self":[{"href":"https:\/\/www.psivojaci.cz\/index.php\/wp-json\/wp\/v2\/posts\/515","targetHints":{"allow":["GET"]}}],"collection":[{"href":"https:\/\/www.psivojaci.cz\/index.php\/wp-json\/wp\/v2\/posts"}],"about":[{"href":"https:\/\/www.psivojaci.cz\/index.php\/wp-json\/wp\/v2\/types\/post"}],"author":[{"embeddable":true,"href":"https:\/\/www.psivojaci.cz\/index.php\/wp-json\/wp\/v2\/users\/2"}],"replies":[{"embeddable":true,"href":"https:\/\/www.psivojaci.cz\/index.php\/wp-json\/wp\/v2\/comments?post=515"}],"version-history":[{"count":1,"href":"https:\/\/www.psivojaci.cz\/index.php\/wp-json\/wp\/v2\/posts\/515\/revisions"}],"predecessor-version":[{"id":518,"href":"https:\/\/www.psivojaci.cz\/index.php\/wp-json\/wp\/v2\/posts\/515\/revisions\/518"}],"wp:featuredmedia":[{"embeddable":true,"href":"https:\/\/www.psivojaci.cz\/index.php\/wp-json\/wp\/v2\/media\/516"}],"wp:attachment":[{"href":"https:\/\/www.psivojaci.cz\/index.php\/wp-json\/wp\/v2\/media?parent=515"}],"wp:term":[{"taxonomy":"category","embeddable":true,"href":"https:\/\/www.psivojaci.cz\/index.php\/wp-json\/wp\/v2\/categories?post=515"},{"taxonomy":"post_tag","embeddable":true,"href":"https:\/\/www.psivojaci.cz\/index.php\/wp-json\/wp\/v2\/tags?post=515"}],"curies":[{"name":"wp","href":"https:\/\/api.w.org\/{rel}","templated":true}]}}